{"id":33747,"date":"2019-10-01T10:40:09","date_gmt":"2019-10-01T08:40:09","guid":{"rendered":"https:\/\/bizimugi.eu\/?p=33747"},"modified":"2019-10-02T10:15:22","modified_gmt":"2019-10-02T08:15:22","slug":"bizikutzu-25-2019ko-urria","status":"publish","type":"post","link":"https:\/\/bizimugi.eu\/eu\/bizikutzu-25-2019ko-urria\/","title":{"rendered":"Bizikutzu 25 \u2013  2019ko urria"},"content":{"rendered":"\n<p style=\"text-align:center\"><em>\u00ab&nbsp;Je crois que tout ce dont nous r\u00eavons peut se r\u00e9aliser par notre union. Nous pouvons transformer le monde.&nbsp;\u00bb<\/em><\/p>\n\n\n\n<p style=\"text-align:right\">Patti Smith<\/p>\n\n\n\n<p>\n<strong>Edito\n: <\/strong>\n<\/p>\n\n\n\n<p>La\nnon-violence a un haut pouvoir subversif et toutes nos forces doivent\nse mobiliser sur des batailles qui peuvent faire bouger les lignes.\nCe sont les convictions qui guident Bizi depuis l\u2019origine, qui\nl\u2019ont guid\u00e9 dans ses choix autour du G7 et qui ont r\u00e9v\u00e9l\u00e9 leur\npertinence. Dans un Pays Basque dont le climat n\u2019avait rien a\nenvier \u00e0 une dictature militaire &#8211; sir\u00e8nes, h\u00e9licopt\u00e8res, rues\nd\u00e9sert\u00e9es et contr\u00f4les policiers omnipr\u00e9sents &#8211; le message est\npass\u00e9&nbsp;: le pouvoir veut ma\u00eetriser toute contestation, mais\nnous continuerons \u00e0 d\u00e9noncer haut et fort, et devant le monde\nentier, que la politique de Macron n\u2019est pas \u00e0 la hauteur de\nl\u2019enjeu climatique. \n<\/p>\n\n\n\n<p>\nBizi\nouvre une nouvelle page de son histoire avec la prise de recul de\nplusieurs de ses piliers, mais ces derniers mois nous montrent que\nnos bases sont solides et que nous avons les \u00e9nergies militantes\npour nous engager dans les chantiers \u00e0 venir.<\/p>\n\n\n\n<p>\n<strong>Portrait\n: Romain,  Bayonne,  25 ans<\/strong><\/p>\n\n\n\n<p>\n<em>\u00ab&nbsp;Dans\nune p\u00e9riode o\u00f9 les cris d&#8217;urgence sont de plus en plus alarmants,\nBizi doit continuer \u00e0 \u00eatre force de proposition et de\nd\u00e9nonciation.&nbsp;\u00bb<\/em><\/p>\n\n\n\n<div class=\"wp-block-image\"><figure class=\"alignleft is-resized\"><img loading=\"lazy\" decoding=\"async\" src=\"https:\/\/bizimugi.eu\/wp-content\/uploads\/2019\/09\/20190925_224554-e1569697878343-500x667.jpg\" alt=\"\" class=\"wp-image-33743\" width=\"269\" height=\"359\" srcset=\"https:\/\/bizimugi.eu\/wp-content\/uploads\/2019\/09\/20190925_224554-e1569697878343-500x667.jpg 500w, https:\/\/bizimugi.eu\/wp-content\/uploads\/2019\/09\/20190925_224554-e1569697878343-300x400.jpg 300w, https:\/\/bizimugi.eu\/wp-content\/uploads\/2019\/09\/20190925_224554-e1569697878343-768x1024.jpg 768w, https:\/\/bizimugi.eu\/wp-content\/uploads\/2019\/09\/20190925_224554-e1569697878343-600x800.jpg 600w, https:\/\/bizimugi.eu\/wp-content\/uploads\/2019\/09\/20190925_224554-e1569697878343.jpg 1536w\" sizes=\"(max-width: 269px) 100vw, 269px\" \/><\/figure><\/div>\n\n\n\n<p>Je\nsuis \u00e0 Bayonne et \u00e0 Bizi depuis mai 2018.\nJ\u2019y suis arriv\u00e9 pour valider mon stage de fin de master et avoir\nune exp\u00e9rience de terrain pour le m\u00e9moire que j\u2019\u00e9crivais sur le\nmouvement Alternatiba. Je militais d\u00e9j\u00e0 mais je cherchais encore un\ncollectif qui puisse me correspondre. Ce qui m&#8217;a plu en arrivant \u00e0\nBizi, c&#8217;est la capacit\u00e9\ndu mouvement \u00e0 lier rigueur et moments de d\u00e9tente, mais aussi\nradicalit\u00e9 et pragmatisme dans sa strat\u00e9gie d&#8217;actions. Je me suis\nengag\u00e9 \u00e0 fond dans la pr\u00e9paration d&#8217;Alternatiba 2018 et depuis, je\nn\u2019ai pas arr\u00eat\u00e9. J\u2019ai profit\u00e9 des diff\u00e9rents \u00e9v\u00e9nements et\ndes nombreuses formations pour acqu\u00e9rir de nouvelles comp\u00e9tences.\nMon nouveau poste de coordinateur de Bizi consiste \u00e0 animer la\nKoordinaketa, elle-m\u00eame en charge de mettre en place la feuille de\nroute d\u00e9cid\u00e9e par les adh\u00e9rent\u00b7e\u00b7s de l&#8217;association. Je dois\ncoordonner les diff\u00e9rentes activit\u00e9s des groupes de travail.\nL&#8217;objectif sera de faire perdurer la philosophie du mouvement, tout\nen essayant d&#8217;y apporter du renouveau et en continuant d&#8217;en am\u00e9liorer\nle fonctionnement.&nbsp;Dans une p\u00e9riode o\u00f9 les cris d&#8217;urgence sont de plus en plus alarmants, Bizi doit continuer \u00e0 \u00eatre force de proposition et de d\u00e9nonciation. Le d\u00e9fi est de taille, mais je suis extr\u00eamement motiv\u00e9 et pr\u00eat \u00e0 donner mon maximum&nbsp;!<\/p>\n\n\n\n<p style=\"text-align:left\"><strong> Grand angle : La t\u00eate \u00e0 l\u2019envers<\/strong><\/p>\n\n\n\n<p>\nAlors\nque ce mois-ci, les chercheurs fran\u00e7ais en charge de pr\u00e9parer le\nprochain GIEC font \u00e9tat d\u2019une possibilit\u00e9 d\u2019un r\u00e9chauffement\nde sept degr\u00e9s \u00e0 l\u2019horizon 2100, les mobilisations se poursuivent\net les actes de d\u00e9sob\u00e9issance civile se multiplient pour d\u00e9noncer\nl\u2019inaction des politiques. \n<\/p>\n\n\n\n<div class=\"wp-block-image\"><figure class=\"alignright\"><img loading=\"lazy\" decoding=\"async\" width=\"500\" height=\"334\" src=\"https:\/\/bizimugi.eu\/wp-content\/uploads\/2019\/08\/photo_2019-08-25_14-01-28-500x334.jpg\" alt=\"\" class=\"wp-image-26488\" srcset=\"https:\/\/bizimugi.eu\/wp-content\/uploads\/2019\/08\/photo_2019-08-25_14-01-28-500x334.jpg 500w, https:\/\/bizimugi.eu\/wp-content\/uploads\/2019\/08\/photo_2019-08-25_14-01-28-300x200.jpg 300w, https:\/\/bizimugi.eu\/wp-content\/uploads\/2019\/08\/photo_2019-08-25_14-01-28-768x512.jpg 768w, https:\/\/bizimugi.eu\/wp-content\/uploads\/2019\/08\/photo_2019-08-25_14-01-28-600x400.jpg 600w, https:\/\/bizimugi.eu\/wp-content\/uploads\/2019\/08\/photo_2019-08-25_14-01-28.jpg 1280w\" sizes=\"(max-width: 500px) 100vw, 500px\" \/><\/figure><\/div>\n\n\n\n<p>La\nmarche des portraits qui a r\u00e9uni un millier de personnes \u00e0 Bayonne\nlors du G7, s\u2019inscrit dans ce mouvement d\u00e9finitivement\nnon-violent, et porte le\ncombat sur le terrain de l\u2019opinion publique et du droit.\nContraindre non pas par la violence, mais par la pression populaire\net le combat judiciaire, montrer, d\u00e9montrer, informer, gagner ce\n\u00ab&nbsp;combat culturel&nbsp;\u00bb comme l\u2019a th\u00e9oris\u00e9 Gramsci.\nAvancer, plut\u00f4t que de tourner en rond.<\/p>\n\n\n\n<p>Et\nla r\u00e9cente d\u00e9cision du tribunal de Lyon est une avanc\u00e9e. Il a\nrelax\u00e9 deux \u00ab&nbsp;d\u00e9crocheurs&nbsp;\u00bb au motif de \u00ab&nbsp;l\u2019\u00e9tat\nde n\u00e9cessit\u00e9 et pour motif l\u00e9gitime&nbsp;\u00bb. Cette action qui\ndepuis six mois a vu d\u00e9croch\u00e9 plus de 130 portraits pr\u00e9sidentiels\npartout en France pose \u00e0 nouveau le probl\u00e8me entre l\u00e9gitimit\u00e9 et\nl\u00e9galit\u00e9. La justice ne peut plus faire l\u2019\u00e9conomie de ce d\u00e9bat.\nCar si il y a relaxe ici, pourquoi des condamnations ailleurs&nbsp;?\nEt si le vol en r\u00e9union est reconnu, pourquoi les manifestants du 25\nao\u00fbt n\u2019ont-ils pas \u00e9t\u00e9 interpell\u00e9s pour recel&nbsp;? \n<\/p>\n\n\n\n<p>Il\nn\u2019y a pas que Macron qui chemine la t\u00eate \u00e0 l\u2019envers, la justice\naussi semble d\u00e9sorient\u00e9e. D\u2019autres proc\u00e8s sont pr\u00e9vus d\u2019ici \u00e0\n2020. D\u2019autres mobilisations aussi. Gardons quant \u00e0 nous la t\u00eate\nfroide.<\/p>\n\n\n\n<p><strong>Visite\nguid\u00e9e chez Bizi! :<\/strong>\n<strong>Le groupe ATV se\nremet en selle, des projets plein les sacoches&nbsp;!<\/strong><\/p>\n\n\n\n<div class=\"wp-block-image\"><figure class=\"alignleft\"><img loading=\"lazy\" decoding=\"async\" width=\"500\" height=\"281\" src=\"https:\/\/bizimugi.eu\/wp-content\/uploads\/2019\/06\/Avenue-de-la-Reine-Victoria-500x281.jpg\" alt=\"\" class=\"wp-image-26243\" srcset=\"https:\/\/bizimugi.eu\/wp-content\/uploads\/2019\/06\/Avenue-de-la-Reine-Victoria-500x281.jpg 500w, https:\/\/bizimugi.eu\/wp-content\/uploads\/2019\/06\/Avenue-de-la-Reine-Victoria-300x169.jpg 300w, https:\/\/bizimugi.eu\/wp-content\/uploads\/2019\/06\/Avenue-de-la-Reine-Victoria-768x432.jpg 768w, https:\/\/bizimugi.eu\/wp-content\/uploads\/2019\/06\/Avenue-de-la-Reine-Victoria-600x338.jpg 600w, https:\/\/bizimugi.eu\/wp-content\/uploads\/2019\/06\/Avenue-de-la-Reine-Victoria.jpg 2048w\" sizes=\"(max-width: 500px) 100vw, 500px\" \/><\/figure><\/div>\n\n\n\n<p>\nL\u2019\u00e9quipe\nATV recrute des volontaires pour instaurer des projets d\u2019am\u00e9nagements\nurbains qui favorisent une mobilit\u00e9 plus soutenable laissant plus de\nplace aux v\u00e9los, bus et pi\u00e9tons. Depuis la cr\u00e9ation de Bizi, le\ngroupe Alternative au Tout-Voiture a men\u00e9 et souvent gagn\u00e9 de\nbelles batailles au niveau local&nbsp;: D\u00e9fense des Chronobus\n(premi\u00e8re ligne de bus en site propre sur l\u2019agglom\u00e9ration de\nBayonne) ou Diagnostic citoyen v\u00e9lo sont autant de solutions\nconcr\u00e8tes qui marquent aujourd\u2019hui le paysage local. Depuis\nquelques mois le groupe ATV grandit et se mobilise face aux projets\nprenant le mauvais chemin&nbsp;: place du v\u00e9lo dans les travaux du\ntram-bus, r\u00e9elles dispositions \u00e0 prendre pour favoriser les\ntransports en communs sur le Pays basque nord. Deux marches climats\nont \u00e9t\u00e9 d\u00e9di\u00e9es \u00e0 ces th\u00e9matiques et plusieurs actions\nr\u00e9alis\u00e9es. La mobilisation continue&nbsp;! Le groupe ATV permet\naussi aux passionn\u00e9\u00b7e\u00b7s du v\u00e9lo, des transports collectifs et\nautres mobilit\u00e9s alternatives de se rencontrer. Prochaine r\u00e9union\nle lundi 7 octobre \u00e0 19h00 \u00e0 la fondation Manu-Robles Arangiz pour\nl\u2019accueil des nouveaux et nouvelles, et pour mettre au point la\nfeuille de route de l\u2019ann\u00e9e \u00e0 venir. Si tu es int\u00e9ress\u00e9\u00b7e.\nrejoins-nous&nbsp;!<\/p>\n\n\n\n<p>\n<strong>On\nl\u2019a fait : Se mobiliser autour du 21 septembre<\/strong><\/p>\n\n\n\n<p>\nLe\nmonde entier s&#8217;est mobilis\u00e9 ces 20 et 21 septembre, \u00e0 la veille\nd\u2019un sommet de l\u2019ONU sur le climat \u00e0 New York et dans un\ncontexte o\u00f9 selon les derni\u00e8res projections scientifiques, le\nr\u00e9chauffement pourrait atteindre +7\u00b0C \u00e0 l\u2019horizon 2100. A\nBayonne, 500 lyc\u00e9ens et lyc\u00e9ennes en gr\u00e8ve scolaire ont d\u00e9fil\u00e9\nvendredi 20 septembre. Devant la sous-pr\u00e9fecture, les jeunes ont\napplaudi la relaxe des deux d\u00e9crocheurs de portraits de Lyon, avant\nd\u2019improviser un die-in pour protester contre l\u2019inaction\nclimatique du gouvernement. La manifestation s\u2019est achev\u00e9e sur\nl\u2019esplanade Roland Barthes o\u00f9 un cerisier a \u00e9t\u00e9 plant\u00e9\nsymboliquement pour d\u00e9noncer les ravages de la d\u00e9forestation.\nSamedi 21 septembre, la marche pour la justice climatique a rassembl\u00e9\n60 personnes \u00e0 Garazi et 1000 \u00e0 Bayonne, o\u00f9 la manifestation s\u2019est\nconclue par une occupation festive et d\u00e9termin\u00e9e du pont\nSaint-Esprit. Un rempart humain y a coup\u00e9 et filtr\u00e9 la circulation,\nne laissant plus entrer que les bus, cyclistes et pi\u00e9tons.<\/p>\n\n\n\n<div class=\"wp-block-image\"><figure class=\"aligncenter\"><img loading=\"lazy\" decoding=\"async\" width=\"500\" height=\"334\" src=\"https:\/\/bizimugi.eu\/wp-content\/uploads\/2019\/09\/ManifClimatBaiona21092019-6-500x334.jpg\" alt=\"\" class=\"wp-image-33620\" srcset=\"https:\/\/bizimugi.eu\/wp-content\/uploads\/2019\/09\/ManifClimatBaiona21092019-6-500x334.jpg 500w, https:\/\/bizimugi.eu\/wp-content\/uploads\/2019\/09\/ManifClimatBaiona21092019-6-300x200.jpg 300w, https:\/\/bizimugi.eu\/wp-content\/uploads\/2019\/09\/ManifClimatBaiona21092019-6-768x512.jpg 768w, https:\/\/bizimugi.eu\/wp-content\/uploads\/2019\/09\/ManifClimatBaiona21092019-6-600x400.jpg 600w, https:\/\/bizimugi.eu\/wp-content\/uploads\/2019\/09\/ManifClimatBaiona21092019-6.jpg 2048w\" sizes=\"(max-width: 500px) 100vw, 500px\" \/><\/figure><\/div>\n\n\n\n<p style=\"text-align:center\">\n<strong>Agenda\nOctobre\net novembre<\/strong><\/p>\n\n\n\n<ul><li>\n\n\tMercredi\n\t2\n\toctobre 19:00\n\t\u2013 20:30 <strong>Assembl\u00e9e\n\tmensuelle de Bizi<\/strong><strong><br \/>\n<\/strong>Fondation\n\tManu Roblez Arangiz -20 rue des cordeliers, Bayonne\n<\/li><li>\n\n\tJeudi\n\t3\n\toctobre 18:30 \u2013 20:00 <strong>Groupe<\/strong><strong>\n\t<\/strong><strong>H<\/strong><strong>itza-hitz\n\t&#8211; special pacte 2020-2026-alternatives territoriales, municipales,\n\tintercommunales<br \/>\n<\/strong>20,\n\true des cordeliers, Bayonne\n\t\n\t<\/li><li>\n\n\tJeudi\n\t3\n\toctobre 19:00 \u2013 21:00 <strong>Groupe\n\tmigrants &#8211; etorkizuna<br \/>\n<\/strong>22\n\tRue des Cordeliers, Bayonne\n\t\n<\/li><li>\n\n\tLundi\n\t7\n\toctobre &nbsp;19:00 \u2013 20:30\n\t<strong>R\u00e9union\n\tdu groupe Euskaraz Bizi!n<br \/>\n<\/strong>\n\t22, rue des cordeliers, Bayonne\n\t\n\t<\/li><li>\n\n\tLundi\n\t7\n\toctobre&nbsp;19:00&nbsp;&#8211;&nbsp;21:00\n\t<strong>R\u00e9union\n\tAlternatives au tout voiture<br \/>\n<\/strong>20\n\true des cordeliers, Bayonne\n<\/li><li> Mardi 8 octobre &nbsp;&nbsp;19:00&nbsp;&#8211;&nbsp;21:00<strong> Discussion autour des termes non violence\/pacifisme, de la compl\u00e9mentarit\u00e9 des tactiques, efficacit\u00e9 des diff\u00e9rentes strat\u00e9gies, etc.<\/strong>  22, rue des cordeliers, Bayonne<\/li><li>\n\n\tMercredi\n\t9\n\toctobre&nbsp;18:00 &#8211; 18:55\n\t<strong>R\u00e9union\n\t<\/strong><strong>H<\/strong><strong>itza-hitz\n\t&#8211; Alternatives Territoriales, municipales, intercommunales<br \/>\n<\/strong>22,\n\true des cordeliers, Bayonne\n\t\n\t<\/li><li>\n\n\tJeudi\n\t10 octobre  19:00 &#8211; 21:00\n\t<strong>R<\/strong><strong>\u00e9union du groupe logistique et organisationnel Jaka zank<\/strong>\n\t22\n\tRue des Cordeliers, Bayonne\n\t\n\t<\/li><li>\n\n\tMardi\n\t15\n\toctobre&nbsp;18:30\n\t\u2013 20:30 \n\t<strong>R\u00e9union \u00e9cof\u00e9minisme<\/strong><strong><br \/>\n<\/strong>22\n\tRue des Cordeliers, Bayonne\n\t\n\t<\/li><li>\n\n\tMercredi\n\t16\n\toctobre&nbsp;19:00 &#8211; 21:00\n\t<strong>Accueil\n\tNouvelles\u00b7aux<br \/>\n<\/strong>20\n\tRue des Cordeliers, Bayonne\n\t\n<\/li><li>\n\n\tMercredi\n\t23\n\toctobre 18:00\n\t&#8211; 18:55\n\t<strong>R\u00e9union\n\t<\/strong><strong>H<\/strong><strong>itza-hitz\n\t&#8211; Alternatives Territoriales, municipales, intercommunales<br \/>\n<\/strong>22,\n\true des cordeliers, Bayonne\n\t\n\t<\/li><li>\n\n\tJeudi\n\t24 octobre 19:00 &#8211; 21:00<strong>\n\tR\u00e9union Bizi Larrun<\/strong>\n\t\u00e0 Saint Jean de Luz -15 bvd du Commandant Passicot\n\t(appuyer sur bouton du bas de l\u2019interphone, 1<sup>er<\/sup> \u00e9tage)\n\t\n\t<\/li><li>\n\n\tMercredi\n\t6\n\tnovembre19:00 &#8211; 20:30\n\t<strong>Assembl\u00e9e\n\tmensuelle de Bizi<br \/>\n<\/strong>20\n\true des cordeliers, Bayonne\n<\/li><\/ul>\n","protected":false},"excerpt":{"rendered":"<p>\u00ab&nbsp;Je crois que tout ce dont nous r\u00eavons peut se r\u00e9aliser par notre union. Nous pouvons transformer le monde.&nbsp;\u00bb Patti Smith Edito : La non-violence a un haut pouvoir subversif et toutes nos forces doivent se mobiliser sur des batailles qui peuvent faire bouger les lignes. Ce sont les convictions qui guident Bizi depuis l\u2019origine, &hellip; <\/p>\n<p><a class=\"more-link btn\" href=\"https:\/\/bizimugi.eu\/eu\/bizikutzu-25-2019ko-urria\/\">Continue reading<\/a><\/p>\n","protected":false},"author":368,"featured_media":33623,"comment_status":"closed","ping_status":"open","sticky":false,"template":"","format":"standard","meta":{"amp_status":"","footnotes":""},"categories":[314],"tags":[],"_links":{"self":[{"href":"https:\/\/bizimugi.eu\/eu\/wp-json\/wp\/v2\/posts\/33747"}],"collection":[{"href":"https:\/\/bizimugi.eu\/eu\/wp-json\/wp\/v2\/posts"}],"about":[{"href":"https:\/\/bizimugi.eu\/eu\/wp-json\/wp\/v2\/types\/post"}],"author":[{"embeddable":true,"href":"https:\/\/bizimugi.eu\/eu\/wp-json\/wp\/v2\/users\/368"}],"replies":[{"embeddable":true,"href":"https:\/\/bizimugi.eu\/eu\/wp-json\/wp\/v2\/comments?post=33747"}],"version-history":[{"count":7,"href":"https:\/\/bizimugi.eu\/eu\/wp-json\/wp\/v2\/posts\/33747\/revisions"}],"predecessor-version":[{"id":33795,"href":"https:\/\/bizimugi.eu\/eu\/wp-json\/wp\/v2\/posts\/33747\/revisions\/33795"}],"wp:featuredmedia":[{"embeddable":true,"href":"https:\/\/bizimugi.eu\/eu\/wp-json\/wp\/v2\/media\/33623"}],"wp:attachment":[{"href":"https:\/\/bizimugi.eu\/eu\/wp-json\/wp\/v2\/media?parent=33747"}],"wp:term":[{"taxonomy":"category","embeddable":true,"href":"https:\/\/bizimugi.eu\/eu\/wp-json\/wp\/v2\/categories?post=33747"},{"taxonomy":"post_tag","embeddable":true,"href":"https:\/\/bizimugi.eu\/eu\/wp-json\/wp\/v2\/tags?post=33747"}],"curies":[{"name":"wp","href":"https:\/\/api.w.org\/{rel}","templated":true}]}}